{"id":1341,"date":"2020-10-10T13:42:33","date_gmt":"2020-10-10T13:42:33","guid":{"rendered":"https:\/\/www.trimport.de\/?p=1341"},"modified":"2020-10-12T18:04:19","modified_gmt":"2020-10-12T18:04:19","slug":"buergerinfo-2020","status":"publish","type":"post","link":"https:\/\/www.trimport.de\/?p=1341","title":{"rendered":"B\u00fcrgerinfo 2020"},"content":{"rendered":"<p>&nbsp;<\/p>\n<p>&nbsp;<\/p>\n<p>Liebe Mitb\u00fcrgerinnen und Mitb\u00fcrger,<\/p>\n<p>der Gemeinderat m\u00f6chte Euch \u00fcber ein paar Projekte in der Gemeinde informieren.<\/p>\n<p>Bei der Instandsetzung der Friedhofsmauer sind die Arbeiten weit vorangeschritten. Die Helfer f\u00fcr die vorbereitenden Arbeiten haben im September bei sch\u00f6nstem Sommerwetter einen tollen Einsatz gezeigt. So konnte im Anschluss die ortsans\u00e4\u00dfige Fa. Weiers unmittelbar daran anschlie\u00dfen und die Natursteine neu im Speisbett verlegen.<\/p>\n<p>ngg_shortcode_0_placeholderUnser besonderer Dank gilt den Mitb\u00fcrgern Berni und Helmut Klassen, Marco Otten, Rudi Tanita und Wilfried Haller.<\/p>\n<p>Durch den starken Regen in den letzten 2 Wochen sind die Arbeiten etwas ins Stocken geraten. Wir sind aber guter Dinge, die Arbeiten an der Friedhofsmauer vor dem 01. November abzuschlie\u00dfen.<\/p>\n<p>Weiterhin wurde von 2 r\u00fcstigen Rentnern der Innenanstrich der Leichenhalle erneuert. Daf\u00fcr geht unser aller Dank an Raimund Sch\u00e4fer und Hans-Dieter Neu.<\/p>\n<p>ngg_shortcode_1_placeholderZurzeit laufen weitere Arbeiten von Externen in der Ortsgemeinde. So ist ein Arbeitstrupp der Verbandsgemeindewerke bei der Fehlersuche im Wasserleitungsnetz t\u00e4tig.<\/p>\n<p>Die Kreistra\u00dfe 32 Richtung Teitelbach sollte noch in diesem Jahr abgefr\u00e4st und anschlie\u00dfend neu geteert werden (von der Hauptstra\u00dfe bis zum Haus Bares zirka). Die Ma\u00dfnahme wurde jedoch nach 2021 vom Landesamt Mobilit\u00e4t verschoben.<\/p>\n<p>Im gleichen Zuge werden wir dann die Deckschicht in der Wiesenstra\u00dfe aufbringen lassen, um hier Synergieeffekte zu nutzen.<\/p>\n<p>Ein Tiefbauunternehmen verlegt im Auftrag der Deutschen Telekom Glasfaser vom Ortseingang Richtung Dahlem \u00fcber die Hauptstra\u00dfe, die Stra\u00dfe \u201eAm Floas\u201c, \u00fcber den Jeichen, in die Teitelbach. Hiermit wird die Forderung nach der fl\u00e4chendeckenden Breitbandversorgung auch f\u00fcr Trimport erf\u00fcllt.<\/p>\n<p>In diesem Zusammenhang erw\u00e4hnen wir, dass unser Gemeindehaus ebenfalls mit einem schnellen Breitbandanschluss versorgt wurde. Das Gemeindehaus wird damit technologisch aufgewertet und kann im Rahmen von Vermietungen ein mehr an Technik abdecken.<\/p>\n<p>Ab dem 12. Oktober 2020 wird eine Regenrinne in der Stra\u00dfe \u201eIn der Auw\u201c durch die Fa. BTB aus Badem eingebaut. Hierbei wird es kurzzeitig zu Verkehrsbehinderungen in der Ortsstra\u00dfe kommen.<\/p>\n<p>F\u00fcr unsere Ruheb\u00e4nke wurden Patenschaften zur Pflege \u00fcbernommen. Hierzu geht der Dank an Hans Josef Werner, Arno Otten und Matthias Schmitt. Letztgenannter \u00fcbernimmt auch die Pflege des Kreuzes und der Buchsb\u00e4ume auf der \u201eSchonslay\u201c. Die Aktivit\u00e4ten des Kreises der \u00dc-Sechziger sind schon sehr vielseitig geworden. Danke an Euch alle.<\/p>\n<p>F\u00fcr die Leerung der M\u00fclleimer mit den \u201eHundet\u00fcten\u201c konnte ebenfalls&nbsp; eine Patenschaft abgeschlossen werden. Danke hierf\u00fcr an Jenny Fries. Eine weitere Patenschaft wird f\u00fcr einen zweiten M\u00fclleimer noch gesucht.<\/p>\n<p>Wie Ihr seht, ist einiges in Bewegung in Trimport. Der n\u00e4chste Termin f\u00fcr das Projekt Brunnensanierung ist am <strong>19. Okt. 20 um 19:30 Uhr<\/strong> im Gemeindehaus. Kommt doch einfach vorbei ! (Alltagsmaske nicht vergessen)<\/p>\n<p>Mit den besten Gr\u00fc\u00dfen<\/p>\n<p>&nbsp;<\/p>\n<p>Der Ortsgemeinderat Trimport<\/p>\n<p>&nbsp;<\/p>\n<p>&nbsp;<\/p>\n<p>&nbsp;<\/p>\n","protected":false},"excerpt":{"rendered":"<p>&nbsp; &nbsp; Liebe Mitb\u00fcrgerinnen und Mitb\u00fcrger, der Gemeinderat m\u00f6chte Euch \u00fcber ein paar Projekte in der Gemeinde informieren. Bei der Instandsetzung der Friedhofsmauer sind die Arbeiten weit vorangeschritten. Die Helfer f\u00fcr die vorbereitenden Arbeiten haben im September bei sch\u00f6nstem Sommerwetter einen tollen Einsatz gezeigt. So konnte im Anschluss die ortsans\u00e4\u00dfige Fa. Weiers unmittelbar daran anschlie\u00dfen &hellip; <\/p>\n<p class=\"link-more\"><a href=\"https:\/\/www.trimport.de\/?p=1341\" class=\"more-link\"><span class=\"screen-reader-text\">\u201eB\u00fcrgerinfo 2020\u201c <\/span>weiterlesen<\/a><\/p>\n","protected":false},"author":1,"featured_media":0,"comment_status":"closed","ping_status":"closed","sticky":false,"template":"","format":"aside","meta":{"ngg_post_thumbnail":0,"footnotes":""},"categories":[1],"tags":[],"class_list":["post-1341","post","type-post","status-publish","format-aside","hentry","category-uncategorized","post_format-post-format-aside"],"_links":{"self":[{"href":"https:\/\/www.trimport.de\/index.php?rest_route=\/wp\/v2\/posts\/1341","targetHints":{"allow":["GET"]}}],"collection":[{"href":"https:\/\/www.trimport.de\/index.php?rest_route=\/wp\/v2\/posts"}],"about":[{"href":"https:\/\/www.trimport.de\/index.php?rest_route=\/wp\/v2\/types\/post"}],"author":[{"embeddable":true,"href":"https:\/\/www.trimport.de\/index.php?rest_route=\/wp\/v2\/users\/1"}],"replies":[{"embeddable":true,"href":"https:\/\/www.trimport.de\/index.php?rest_route=%2Fwp%2Fv2%2Fcomments&post=1341"}],"version-history":[{"count":7,"href":"https:\/\/www.trimport.de\/index.php?rest_route=\/wp\/v2\/posts\/1341\/revisions"}],"predecessor-version":[{"id":1352,"href":"https:\/\/www.trimport.de\/index.php?rest_route=\/wp\/v2\/posts\/1341\/revisions\/1352"}],"wp:attachment":[{"href":"https:\/\/www.trimport.de\/index.php?rest_route=%2Fwp%2Fv2%2Fmedia&parent=1341"}],"wp:term":[{"taxonomy":"category","embeddable":true,"href":"https:\/\/www.trimport.de\/index.php?rest_route=%2Fwp%2Fv2%2Fcategories&post=1341"},{"taxonomy":"post_tag","embeddable":true,"href":"https:\/\/www.trimport.de\/index.php?rest_route=%2Fwp%2Fv2%2Ftags&post=1341"}],"curies":[{"name":"wp","href":"https:\/\/api.w.org\/{rel}","templated":true}]}}